{"id":103,"date":"2023-12-22T07:07:08","date_gmt":"2023-12-22T08:07:08","guid":{"rendered":"https:\/\/hwl-consulting.ch\/blog\/?p=103"},"modified":"2024-05-31T14:08:21","modified_gmt":"2024-05-31T15:08:21","slug":"100-jahre-sprecher-schuh","status":"publish","type":"post","link":"https:\/\/hwl-consulting.ch\/blog\/100-jahre-sprecher-schuh\/","title":{"rendered":"100 Jahre Sprecher + Schuh"},"content":{"rendered":"\n<p>Aarauer Neujahrsbl\u00e4tter 2004<\/p>\n\n\n\n<p>Aus dem ETH Archiv, Artikel verfasst von Adrian W. Roth, mit der &#171;ganzen&#187;, offiziellen Geschichte.<\/p>\n\n\n\n<p><a href=\"http:\/\/doi.org\/10.5169\/seals-559224\">http:\/\/doi.org\/10.5169\/seals-559224<\/a><\/p>\n\n\n<a href=\"https:\/\/hwl-consulting.ch\/blog\/wp-content\/uploads\/2023\/12\/sprecher_und_schuh.pdf\" class=\"pdfemb-viewer\" style=\"\" data-width=\"max\" data-height=\"max\" data-toolbar=\"bottom\" data-toolbar-fixed=\"off\">sprecher_und_schuh<\/a>\n<p class=\"wp-block-pdfemb-pdf-embedder-viewer\"><\/p>\n\n\n\n<p>Und dann noch die Erg\u00e4nzungen von meinem Vater, sozusagen der inoffizielle Teil (zumindest die Version die man ver\u00f6ffentlichen kann, der rest des &#171;wie es wirklich war&#187; werde ich zu gegebener Zeit auch ver\u00f6ffentlichen, voraussichtlich aber erst nach September 2029).<\/p>\n\n\n<a href=\"https:\/\/hwl-consulting.ch\/blog\/wp-content\/uploads\/2023\/12\/Von-Sprecher-zu-Alsthom-eine-Anekdote.pdf\" class=\"pdfemb-viewer\" style=\"\" data-width=\"max\" data-height=\"max\" data-toolbar=\"bottom\" data-toolbar-fixed=\"off\">Von-Sprecher-zu-Alsthom-eine-Anekdote<\/a>\n<p class=\"wp-block-pdfemb-pdf-embedder-viewer\"><\/p>\n","protected":false},"excerpt":{"rendered":"<p>Aarauer Neujahrsbl\u00e4tter 2004 Aus dem ETH Archiv, Artikel verfasst von Adrian W. Roth, mit der &#171;ganzen&#187;, offiziellen Geschichte. http:\/\/doi.org\/10.5169\/seals-559224 Und dann noch die Erg\u00e4nzungen von meinem Vater, sozusagen der inoffizielle Teil (zumindest die Version die man ver\u00f6ffentlichen kann, der rest des &#171;wie es wirklich war&#187; werde ich zu gegebener Zeit auch ver\u00f6ffentlichen, voraussichtlich aber erst &#8230; <a title=\"100 Jahre Sprecher + Schuh\" class=\"read-more\" href=\"https:\/\/hwl-consulting.ch\/blog\/100-jahre-sprecher-schuh\/\" aria-label=\"Read more about 100 Jahre Sprecher + Schuh\">mehr lesen<\/a><\/p>\n","protected":false},"author":2,"featured_media":0,"comment_status":"open","ping_status":"open","sticky":false,"template":"","format":"standard","meta":{"footnotes":""},"categories":[5,7,8,6],"tags":[13,11,9,12],"class_list":["post-103","post","type-post","status-publish","format-standard","hentry","category-gedanken","category-leadership","category-technologie","category-unternehmensfuehrung","tag-aarau","tag-schuh","tag-sprecher","tag-sprecherschuh"],"_links":{"self":[{"href":"https:\/\/hwl-consulting.ch\/blog\/wp-json\/wp\/v2\/posts\/103","targetHints":{"allow":["GET"]}}],"collection":[{"href":"https:\/\/hwl-consulting.ch\/blog\/wp-json\/wp\/v2\/posts"}],"about":[{"href":"https:\/\/hwl-consulting.ch\/blog\/wp-json\/wp\/v2\/types\/post"}],"author":[{"embeddable":true,"href":"https:\/\/hwl-consulting.ch\/blog\/wp-json\/wp\/v2\/users\/2"}],"replies":[{"embeddable":true,"href":"https:\/\/hwl-consulting.ch\/blog\/wp-json\/wp\/v2\/comments?post=103"}],"version-history":[{"count":3,"href":"https:\/\/hwl-consulting.ch\/blog\/wp-json\/wp\/v2\/posts\/103\/revisions"}],"predecessor-version":[{"id":209,"href":"https:\/\/hwl-consulting.ch\/blog\/wp-json\/wp\/v2\/posts\/103\/revisions\/209"}],"wp:attachment":[{"href":"https:\/\/hwl-consulting.ch\/blog\/wp-json\/wp\/v2\/media?parent=103"}],"wp:term":[{"taxonomy":"category","embeddable":true,"href":"https:\/\/hwl-consulting.ch\/blog\/wp-json\/wp\/v2\/categories?post=103"},{"taxonomy":"post_tag","embeddable":true,"href":"https:\/\/hwl-consulting.ch\/blog\/wp-json\/wp\/v2\/tags?post=103"}],"curies":[{"name":"wp","href":"https:\/\/api.w.org\/{rel}","templated":true}]}}